{"dados":[{"titulo":"CONTRATA\u00c7\u00c3O DE EMPRESA - AQUISI\u00c7\u00c3O DE VE\u00cdCULOS PARA SA\u00daDE","dataAtualizacao":"2026-04-14 15:14:12","dataPostagem":"2026-04-30 09:00:00","dataRealizacao":"2026-04-14 15:12:00","numeroEdital":10,"numeroProcesso":394,"modalidade":"Preg\u00e3o Eletr\u00f4nico","situacao":"Aberto","descricao":"<strong>I.<\/strong><strong>&ensp;DO OBJETO:<\/strong> <a name=\"_Hlk151974445\">A presente licita&ccedil;&atilde;o destina-se a contrata&ccedil;&atilde;o de empresa jur&iacute;dica para aquisi&ccedil;&atilde;o de 02 (dois) ve&iacute;culos automotores, novos, zero quilometro, tipo minivan, com ano de fabrica&ccedil;&atilde;o 2026, para uso do Departamento Municipal de Sa&uacute;de, de acordo com as especifica&ccedil;&otilde;es e descri&ccedil;&otilde;es contidas no Termo de Refer&ecirc;ncia,&nbsp; parte integrante a este Edital.<\/a><br \/>\r\n&nbsp;<br \/>\r\n&nbsp;<br \/>\r\n<strong>1.2. DETALHAMENTO:<\/strong> Ve&iacute;culo novo, zero km, tipo Minivan, carro de passeio, ano e modelo de fabrica&ccedil;&atilde;o 2026, na cor branca, fabrica&ccedil;&atilde;o nacional, com as seguintes caracter&iacute;sticas m&iacute;nimas: 04 (quatro) portas, c&acirc;mbio autom&aacute;tico de no m&iacute;nimo 06 marchas a frente e uma a r&eacute;, motoriza&ccedil;&atilde;o m&iacute;nima 1.8, bicombust&iacute;vel (gasolina e &aacute;lcool), pot&ecirc;ncia m&iacute;nima de 100, cv (gasolina) e 110,0 cv (etanol), sistema de freios ABS com distribui&ccedil;&atilde;o eletr&ocirc;nica de frenagem, airbags duplo frontal, ar-condicionado, aviso sonoro e visual do cinto de seguran&ccedil;a, dire&ccedil;&atilde;o hidr&aacute;ulica ou el&eacute;trica progressiva, retrovisores , vidro el&eacute;trico nas portas dianteiras e traseiras com acionamento por &quot;um toque&quot;, anti esmagamento e fechamento-abertura autom&aacute;tica pela chave canivete, alarme, computador de bordo, c&acirc;mera de r&eacute;, sensor de estacionamento com visualizador gr&aacute;fico, central multim&iacute;dia de 7` com Android e apple car play, bluetooth entrada usb, controles do r&aacute;dio e telefone no volante, far&oacute;is de lanterna e neblina, tanque de combust&iacute;vel com capacidade de no m&iacute;nimo 50 litros, conjunto de alto falantes - 4 unidades (2 tweeters e 2 dianteiros), r&aacute;dio AM-FM stereo, MP3-WMA player, bluetooth e entrada USB, capacidade de transportar 06 passageiros e 01 motorista mais bagagem, rodas de liga leve aro 15&quot;, protetor de c&aacute;rter, tapetes de borracha, porta-malas de no m&iacute;nimo 160 (litros), comprimento m&iacute;nimo de 4420 mm vidros com insulfilm de acordo com a legisla&ccedil;&atilde;o vigente, garantia de no m&iacute;nimo 12 meses sem limite de quilometragem, al&eacute;m de possuir os equipamentos e acess&oacute;rios obrigat&oacute;rios pelo C&oacute;digo Nacional de Tr&acirc;nsito &ndash; CTB e emplacado em nome do Munic&iacute;pio de Bra&uacute;na\/SP.<br \/>\r\n&nbsp;"},{"titulo":"CONTRATA\u00c7\u00c3O DE EMPRESA - ASSESSORIA MEIO AMBIENTE","dataAtualizacao":"2026-04-27 14:00:31","dataPostagem":"2026-04-29 14:30:00","dataRealizacao":"2026-04-27 13:58:00","numeroEdital":13,"numeroProcesso":491,"modalidade":"Dispensa","situacao":"Ratificada","descricao":"<strong>Do Objeto: &nbsp;<\/strong>Contrata&ccedil;&atilde;o de empresa especializada para presta&ccedil;&atilde;o de servi&ccedil;os de assessoria ambiental visando &agrave; an&aacute;lise de projetos relacionados &agrave; gest&atilde;o ambiental, de acordo com as normas e regulamenta&ccedil;&otilde;es vigentes com o objetivo de auxiliar na implementa&ccedil;&atilde;o de pr&aacute;ticas sustent&aacute;veis e na observ&acirc;ncia das legisla&ccedil;&otilde;es ambientais aplic&aacute;veis.<br \/>\r\n&nbsp;\r\n<ol>\r\n\t<li><strong>Do Detalhamento Dos Servi&ccedil;os:<\/strong><\/li>\r\n<\/ol>\r\n\r\n<ol style=\"list-style-type:lower-alpha\">\r\n\t<li>Assessoria na gest&atilde;o ambiental municipal (An&aacute;lise de projetos de leis ambientais, decretos, vetos, resolu&ccedil;&otilde;es, e demais atos em mat&eacute;ria ambiental, incluindo a legisla&ccedil;&atilde;o j&aacute; existente);<br \/>\r\n\tAssessoria na an&aacute;lise e elabora&ccedil;&atilde;o de pareceres t&eacute;cnicos relacionados ao processo de controle ambiental municipal;<br \/>\r\n\t&nbsp;Assessoria no desenvolvimento e implanta&ccedil;&atilde;o de atividades voltadas &agrave; Educa&ccedil;&atilde;o Ambiental;<br \/>\r\n\tAssessoria no desenvolvimento de material de comunica&ccedil;&atilde;o social e ambiental;<br \/>\r\n\tPlanejamento de semin&aacute;rios, cursos, capacita&ccedil;&atilde;o e eventos de educa&ccedil;&atilde;o ambiental e datas comemorativas;<br \/>\r\n\tDesenvolvimento do Programa Munic&iacute;pio Agro;<br \/>\r\n\t&nbsp;Implanta&ccedil;&atilde;o de todas as diretivas do Programa Munic&iacute;pio Verde e Azul Paulista (elabora&ccedil;&atilde;o dos relat&oacute;rios de todas as diretivas do Programa Munic&iacute;pio Verde e Azul Paulista);<\/li>\r\n<\/ol>\r\n1. Governan&ccedil;a Ambiental;<br \/>\r\n2. Adapta&ccedil;&atilde;o a mudan&ccedil;as clim&aacute;ticas;<br \/>\r\n3. Educa&ccedil;&atilde;o Ambiental;<br \/>\r\n4. Saneamento B&aacute;sico (&Aacute;gua, esgoto e drenagem);<br \/>\r\n5. Res&iacute;duos S&oacute;lidos;<br \/>\r\n6. Qualidade do Ar e Mitiga&ccedil;&atilde;o do GEE;<br \/>\r\n7. Biodiversidade;<br \/>\r\n8. Arboriza&ccedil;&atilde;o Urbana;<br \/>\r\n9. Recursos H&iacute;dricos;<br \/>\r\n10. Zoneamento Ecol&oacute;gico Econ&ocirc;mico.<br \/>\r\n&nbsp;\r\n<ol>\r\n\t<li><strong>Da Carga Hor&aacute;ria:<\/strong>&nbsp;&nbsp;&nbsp;&nbsp;&nbsp;&nbsp;&nbsp; Os servi&ccedil;os dever&atilde;o ser executados nos seguintes locais:<\/li>\r\n<\/ol>\r\n<strong>a)<\/strong> Em sala disponibilizada pela Prefeitura de Bra&uacute;na, por pelo menos <strong>uma vez por semana, com dura&ccedil;&atilde;o m&iacute;nima de 06 horas di&aacute;rias<\/strong>, sem preju&iacute;zo de outros chamados necess&aacute;rios e imprescind&iacute;veis.<br \/>\r\n<strong>b)<\/strong> Por meios de comunica&ccedil;&atilde;o dispon&iacute;vel 24 horas por dia, para que os servidores do munic&iacute;pio entrem em contato via telefone ou internet;<br \/>\r\n<strong>c)<\/strong> Em &oacute;rg&atilde;os p&uacute;blicos, quando necessitar de assessoria em reuni&otilde;es diversas.<br \/>\r\n&nbsp;"},{"titulo":"CONTRATA\u00c7\u00c3O DE EMPRESA - RECAPEAMENTO","dataAtualizacao":"2026-04-15 13:53:36","dataPostagem":"2026-04-29 09:00:00","dataRealizacao":"2026-04-14 15:09:00","numeroEdital":9,"numeroProcesso":437,"modalidade":"Preg\u00e3o Eletr\u00f4nico","situacao":"Aberto","descricao":"<strong>I.<\/strong>&ensp;<strong>DO OBJETO:<\/strong> A presente licita&ccedil;&atilde;o destina-se a contrata&ccedil;&atilde;o de empresa especializada em obras de infraestrutura urbana de recapeamento asf&aacute;ltico com concreto betuminoso usinado &agrave; quente (CBUQ), conforme descrito no Termo de Refer&ecirc;ncia, parte integrante a este Edital.<br \/>\r\n&nbsp;<br \/>\r\n<strong>1.2. QUANTO QUALIFICA&Ccedil;&Atilde;O T&Eacute;CNICA:<\/strong><br \/>\r\n<strong>Qualifica&ccedil;&atilde;o T&eacute;cnica.<\/strong>\r\n<ol style=\"list-style-type:lower-alpha\">\r\n\t<li>&nbsp;Atestado(s) de capacidade t&eacute;cnico-operacional da empresa, que comprove(m) que tenha executado apresenta&ccedil;&atilde;o de um ou mais atestados de capacidade t&eacute;cnica, fornecido por Pessoa Jur&iacute;dica de Direito P&uacute;blico ou Privado devidamente identificada, em nome do licitante, relativo &agrave; execu&ccedil;&atilde;o de obra ou servi&ccedil;o de engenharia, compat&iacute;vel em caracter&iacute;sticas, quantidades e prazos com o objeto da presente licita&ccedil;&atilde;o, envolvendo as parcelas de maior relev&acirc;ncia e valor significativo do objeto da licita&ccedil;&atilde;o:<\/li>\r\n<\/ol>\r\n&nbsp;<br \/>\r\n&nbsp;\r\n<table border=\"1\" cellpadding=\"0\" cellspacing=\"0\" style=\"width:642px;\" width=\"642\">\r\n\t<tbody>\r\n\t\t<tr>\r\n\t\t\t<td nowrap=\"nowrap\" style=\"width:57px;height:32px;\">&nbsp;<br \/>\r\n\t\t\tITEM<\/td>\r\n\t\t\t<td style=\"width:50px;height:32px;\">&nbsp;<br \/>\r\n\t\t\tFONTE<\/td>\r\n\t\t\t<td style=\"width:63px;height:32px;\">&nbsp;<br \/>\r\n\t\t\tCODIGO<\/td>\r\n\t\t\t<td nowrap=\"nowrap\" style=\"width:216px;height:32px;\">&nbsp;<br \/>\r\n\t\t\tESPECIFICA&Ccedil;&Otilde;ES<\/td>\r\n\t\t\t<td nowrap=\"nowrap\" style=\"width:39px;height:32px;\">&nbsp;<br \/>\r\n\t\t\tUND.<\/td>\r\n\t\t\t<td nowrap=\"nowrap\" style=\"width:88px;height:32px;\">&nbsp;<br \/>\r\n\t\t\tQUANTIDADE<\/td>\r\n\t\t\t<td style=\"width:129px;height:32px;\">ATESTADO COM REGISTRO 50%<\/td>\r\n\t\t<\/tr>\r\n\t\t<tr>\r\n\t\t\t<td nowrap=\"nowrap\" style=\"width:57px;height:29px;\">2.2<\/td>\r\n\t\t\t<td style=\"width:50px;height:29px;\">CDHU<\/td>\r\n\t\t\t<td style=\"width:63px;height:29px;\">54.03.230<\/td>\r\n\t\t\t<td style=\"width:216px;height:29px;\">IMPRIMA&Ccedil;&Atilde;O BETUMINOSA LIGANTE<\/td>\r\n\t\t\t<td nowrap=\"nowrap\" style=\"width:39px;height:29px;\">M&sup2;<\/td>\r\n\t\t\t<td nowrap=\"nowrap\" style=\"width:88px;height:29px;\">4,656,35<\/td>\r\n\t\t\t<td nowrap=\"nowrap\" style=\"width:129px;height:29px;\">2.328,17<\/td>\r\n\t\t<\/tr>\r\n\t\t<tr>\r\n\t\t\t<td nowrap=\"nowrap\" style=\"width:57px;height:32px;\">2.3<\/td>\r\n\t\t\t<td style=\"width:50px;height:32px;\">CDHU<\/td>\r\n\t\t\t<td style=\"width:63px;height:32px;\">54.03.210<\/td>\r\n\t\t\t<td style=\"width:216px;height:32px;\">CAMADA DE ROLAMENTO EM CONCRETO BETUMINOSO USINADO A QUENTE - CBUQ<\/td>\r\n\t\t\t<td nowrap=\"nowrap\" style=\"width:39px;height:32px;\">M&sup3;<\/td>\r\n\t\t\t<td nowrap=\"nowrap\" style=\"width:88px;height:32px;\">139,69<\/td>\r\n\t\t\t<td nowrap=\"nowrap\" style=\"width:129px;height:32px;\">69,84<\/td>\r\n\t\t<\/tr>\r\n\t<\/tbody>\r\n<\/table>\r\n&nbsp;\r\n\r\n<ol style=\"list-style-type:lower-alpha\">\r\n\t<li>Comprova&ccedil;&atilde;o da capacita&ccedil;&atilde;o t&eacute;cnico-profissional, mediante apresenta&ccedil;&atilde;o de Certid&atilde;o de Acervo T&eacute;cnico &ndash; CAT, expedida pelo CREA ou CAU da regi&atilde;o pertinente, nos termos da legisla&ccedil;&atilde;o aplic&aacute;vel, em nome do(s) respons&aacute;vel(is) t&eacute;cnico(s) e\/ou membros da equipe t&eacute;cnica que participar&atilde;o dos servi&ccedil;os, que demonstre a Anota&ccedil;&atilde;o de Responsabilidade T&eacute;cnica - ART ou o Registro de Responsabilidade T&eacute;cnica - RRT, relativo &agrave; execu&ccedil;&atilde;o dos servi&ccedil;os que comp&otilde;em as parcelas de maior relev&acirc;ncia t&eacute;cnica e valor significativo da contrata&ccedil;&atilde;o.<\/li>\r\n<\/ol>\r\n&nbsp;<br \/>\r\n<strong>1.2.1. QUANTO AS ESPECIFICA&Ccedil;&Otilde;ES T&Eacute;CNICA PARA EXECU&Ccedil;&Atilde;O DO OBJETO:<\/strong> Todas as especifica&ccedil;&otilde;es t&eacute;cnicas para a perfeita execu&ccedil;&atilde;o do objeto a ser contratado, seguir&atilde;o de acordo com o descrito no Termo de Refer&ecirc;ncia que integra este Edital.<br \/>\r\n<strong>1.2.2. DA SUBCONTRATA&Ccedil;&Atilde;O:<\/strong> N&atilde;o &eacute; permitido a subcontrata&ccedil;&atilde;o.<br \/>\r\n<strong>1.2.3. LOCAL: <\/strong>Rua Orlando Carreiro De Melo, Rua Floriano Peixoto E Rua Jorge Xavier De Almeida, nesta cidade de Bra&uacute;na\/SP.<br \/>\r\n&nbsp;"},{"titulo":"AQUISI\u00c7\u00c3O DE G\u00caNEROS ALIMENT\u00cdCIOS - p\u00e3o franc\u00eas","dataAtualizacao":"2026-03-26 14:01:11","dataPostagem":"2026-04-10 09:00:00","dataRealizacao":"2026-03-26 14:00:00","numeroEdital":8,"numeroProcesso":399,"modalidade":"Preg\u00e3o Eletr\u00f4nico","situacao":"Adjudicado","descricao":"<strong>OBJETO:<\/strong> A presente licita&ccedil;&atilde;o tem por objeto a constitui&ccedil;&atilde;o de Sistema de Registro de Pre&ccedil;os &ndash; SRP para aquisi&ccedil;&atilde;o de p&atilde;es franceses &nbsp;de forma parcelada conforme a necessidade da Municipalidade, de acordo com especifica&ccedil;&otilde;es descritas no Termo de Refer&ecirc;ncia e quantidades discriminadas no Anexo VIII deste Edital.<br \/>\r\n&nbsp;<br \/>\r\n&nbsp;"},{"titulo":"CONTRATA\u00c7\u00c3O DE EMPRESA - TOPOGRAFIA","dataAtualizacao":"2026-04-07 14:29:43","dataPostagem":"2026-04-08 10:00:00","dataRealizacao":"2026-04-07 14:28:00","numeroEdital":12,"numeroProcesso":419,"modalidade":"Dispensa","situacao":"Ratificada","descricao":"contrata&ccedil;&atilde;o de empresa especializada para <strong>presta&ccedil;&atilde;o de servi&ccedil;os t&eacute;cnicos de topografia<\/strong>, incluindo levantamentos planialtim&eacute;tricos, georreferenciamento, loca&ccedil;&atilde;o de obras, elabora&ccedil;&atilde;o de plantas e memoriais descritivos, destinados ao atendimento das demandas da Administra&ccedil;&atilde;o Municipal para execu&ccedil;&atilde;o de obras p&uacute;blicas, regulariza&ccedil;&atilde;o fundi&aacute;ria e planejamento urbano. O contrato ter&aacute; prazo de vig&ecirc;ncia de 12 (doze) meses"},{"titulo":"CONTRATA\u00c7\u00c3O DE EMPRESA - AQUISI\u00c7\u00c3O E INSTALA\u00c7\u00c3O DE PLAYGROUND NA ALDEIA IND\u00cdGENA ICAT\u00da","dataAtualizacao":"2026-04-06 13:16:48","dataPostagem":"2026-04-08 09:00:00","dataRealizacao":"2026-04-06 13:15:00","numeroEdital":11,"numeroProcesso":451,"modalidade":"Dispensa","situacao":"Ratificada","descricao":"<a name=\"_Hlk213418126\">Contrata&ccedil;&atilde;o de empresa especializada para a Aquisi&ccedil;&atilde;o de Playground, composto por 02 (duas) Torres com escorregadores e 01(um) Cavalo Marinho de Mola, a ser instalado na Aldeia Ind&iacute;gena Icatu, localizada na BRN-030 no munic&iacute;pio de Bra&uacute;na\/SP. <\/a><br \/>\r\n.<br \/>\r\n&nbsp;<br \/>\r\n<strong>2.1 - ESPECIFICA&Ccedil;&Otilde;ES B&Aacute;SICAS : <\/strong><br \/>\r\nO playground dever&aacute; conter, no m&iacute;nimo:\r\n<ul>\r\n\t<li><strong>Estrutura principal: <\/strong><\/li>\r\n<\/ul>\r\n&bull; 02 (duas) torres com cobertura e assoalho;<br \/>\r\n&bull; 01 (um) Escalada tipo teia met&aacute;lica;<br \/>\r\n&bull; 01 (um) Escorregador reto rotomoldado;<br \/>\r\n&bull; 01 (um) Escada rotomoldada com corrim&atilde;o;<br \/>\r\n&bull; 01 (um) Balan&ccedil;o 02 (dois) assentos rotomoldados;<br \/>\r\n&bull; 01 (um) Passarela t&uacute;nel rotomoldada;<br \/>\r\n&bull; 01 (um) Jogo da velha rotomoldado;<br \/>\r\n&bull; 01 (um) Cerca de prote&ccedil;&atilde;o rotomoldada;<br \/>\r\n&bull; 01 (um) Cavalo Marinho de mola.\r\n<ul>\r\n\t<li><strong>Requisitos gerais: <\/strong><\/li>\r\n<\/ul>\r\n&bull; Materiais at&oacute;xicos e seguros;<br \/>\r\n&bull; Cantos arredondados e sem rebarbas;<br \/>\r\n&bull; Resist&ecirc;ncia &agrave;s condi&ccedil;&otilde;es clim&aacute;ticas;<br \/>\r\n&bull; Fixa&ccedil;&atilde;o adequada ao solo.<br \/>\r\n&nbsp;"},{"titulo":"AQUISI\u00c7\u00c3O DE MATERIAIS DE LIMPEZA","dataAtualizacao":"2026-04-01 08:58:52","dataPostagem":"2026-03-31 09:00:00","dataRealizacao":"2026-03-18 09:58:00","numeroEdital":6,"numeroProcesso":325,"modalidade":"Preg\u00e3o Eletr\u00f4nico","situacao":"Adjudicado","descricao":"<strong>OBJETO:<\/strong> A presente licita&ccedil;&atilde;o destina-se a constitui&ccedil;&atilde;o de Sistema de Registro de Pre&ccedil;os &ndash; SRP, para aquisi&ccedil;&atilde;o de materiais de higiene e limpeza, de forma parcelada, conforme a necessidade da Municipalidade e de acordo com a descri&ccedil;&atilde;o e o quantitativo expresso no Anexo VIII e em conformidade com o Termo de Refer&ecirc;ncia, parte integrante deste Edital.<br \/>\r\n&nbsp;"},{"titulo":"CONTRATA\u00c7\u00c3O DE EMPRESA PRODESP","dataAtualizacao":"2026-03-19 10:57:00","dataPostagem":"2026-03-20 10:00:00","dataRealizacao":"2026-03-19 10:55:00","numeroEdital":10,"numeroProcesso":339,"modalidade":"Dispensa","situacao":"Ratificada","descricao":"1.1. Constitui objeto do presente contrato a presta&ccedil;&atilde;o de servi&ccedil;os de publicidade legal de todos os atos de interesse da <strong>CONTRATANTE, <\/strong>pelo e-commerce Prodesp, nos respectivos cadernos do &ldquo;Di&aacute;rio Oficial do Estado de S&atilde;o Paulo&rdquo;, relacionados na <strong>Planilha de Or&ccedil;amento (Anexo I) e na &ldquo;Especifica&ccedil;&atilde;o de Servi&ccedil;os e Pre&ccedil;os&rdquo; n&ordm; E025808 (Anexo II).<\/strong><br \/>\r\n&nbsp;<br \/>\r\n&nbsp;"},{"titulo":"CONTRATA\u00c7\u00c3O DE EMPRESA - SISTEMA SINTER","dataAtualizacao":"2026-03-05 13:50:52","dataPostagem":"2026-03-19 09:00:00","dataRealizacao":"2026-03-05 13:49:00","numeroEdital":7,"numeroProcesso":289,"modalidade":"Preg\u00e3o Eletr\u00f4nico","situacao":"Adjudicado","descricao":"<strong>OBJETO:<\/strong> A presente licita&ccedil;&atilde;o destina-se a contrata&ccedil;&atilde;o de Empresa para Assessoramento e Suporte em Sistema de Gest&atilde;o referente a INSTALA&Ccedil;&Atilde;O DO M&Oacute;DULO REGISTRADORES DO SINTER (Sistema Nacional de Gest&atilde;o de Informa&ccedil;&otilde;es Territoriais), bem como Consultoria Presencial de 20 (vinte) horas mensais para manuten&ccedil;&atilde;o necess&aacute;ria do conv&ecirc;nio em atendimento a necessidade do Departamento de Arrecada&ccedil;&atilde;o Tribut&aacute;ria do Munic&iacute;pio de Bra&uacute;na\/SP, de acordo com as especifica&ccedil;&otilde;es constantes no Processo e seus anexos e&nbsp; em conformidade com o Termo de Refer&ecirc;ncia, parte integrante a este Edital.<br \/>\r\n&nbsp;"},{"titulo":"CONTRATA\u00c7\u00c3O DE EMPRESA - servi\u00e7os odontol\u00f3gicos SA\u00daDE","dataAtualizacao":"2026-02-26 12:17:17","dataPostagem":"2026-03-13 14:00:00","dataRealizacao":"2026-02-26 11:43:00","numeroEdital":5,"numeroProcesso":241,"modalidade":"Preg\u00e3o Eletr\u00f4nico","situacao":"Adjudicado","descricao":"<strong>OBJETO:<\/strong> A presente licita&ccedil;&atilde;o destina-se a contrata&ccedil;&atilde;o de empresa especializada em atendimentos odontol&oacute;gicos na UBS e trabalhos de preven&ccedil;&atilde;o e cuidados de servi&ccedil;os preconizados pelo SUS (incluindo Programa Sa&uacute;de na Escola), em conformidade com&nbsp; o Termo de Refer&ecirc;ncia, parte integrante a este Edital.<br \/>\r\n&nbsp;"},{"titulo":"CONTRATA\u00c7\u00c3O DE EMPRESA - Psic\u00f3logo e Fisioterapeuta SA\u00daDE","dataAtualizacao":"2026-02-26 11:04:23","dataPostagem":"2026-03-13 09:00:00","dataRealizacao":"2026-02-26 11:02:00","numeroEdital":4,"numeroProcesso":238,"modalidade":"Preg\u00e3o Eletr\u00f4nico","situacao":"Suspenso","descricao":"A presente licita&ccedil;&atilde;o destina-se a contrata&ccedil;&atilde;o de empresa para presta&ccedil;&atilde;o de servi&ccedil;os profissionais na &aacute;rea da sa&uacute;de como psic&oacute;logo e fisioterapeuta para o Munic&iacute;pio de Bra&uacute;na, conforme descri&ccedil;&atilde;o, caracter&iacute;sticas, prazos e demais obriga&ccedil;&otilde;es e especifica&ccedil;&otilde;es constantes no Termo de Refer&ecirc;ncia, parte integrante a este Edital.<br \/>\r\n&nbsp;"},{"titulo":"CONTRATA\u00c7\u00c3O DE EMPRESA - PSIC\u00d3LOGA E PSICOPEDAGOGA EDUCA\u00c7\u00c3O","dataAtualizacao":"2026-02-25 11:33:48","dataPostagem":"2026-03-12 09:00:00","dataRealizacao":"2026-02-25 11:30:00","numeroEdital":2,"numeroProcesso":194,"modalidade":"Preg\u00e3o Eletr\u00f4nico","situacao":"Adjudicado","descricao":"A presente licita&ccedil;&atilde;o destina-se &nbsp;a contrata&ccedil;&atilde;o de equipe multidisciplinar para presta&ccedil;&atilde;o de servi&ccedil;os de psicologia e de psicopedagoga na rede municipal de ensino de educa&ccedil;&atilde;o b&aacute;sica, por meio de atendimento presencial, conforme diretrizes da Departamento de Educa&ccedil;&atilde;o e das unidades escolares municipais, em atendimento a Lei Federal n&ordm; 13.935\/2019, conforme Termo de Refer&ecirc;ncia, parte deste Edital.<br \/>\r\n&nbsp;"},{"titulo":"AQUISI\u00c7\u00c3O DE MATERIAIS PERMANENTES","dataAtualizacao":"2026-02-25 14:28:10","dataPostagem":"2026-03-11 09:00:00","dataRealizacao":"2026-02-25 14:26:00","numeroEdital":3,"numeroProcesso":263,"modalidade":"Preg\u00e3o Eletr\u00f4nico","situacao":"Adjudicado","descricao":"A presente licita&ccedil;&atilde;o destina-se a aquisi&ccedil;&atilde;o de materiais permanentes, conforme especifica&ccedil;&otilde;es, quantidades e condi&ccedil;&otilde;es estabelecidas no Termo de Refer&ecirc;ncia, destinados ao fortalecimento da estrutura f&iacute;sica e operacional do Servi&ccedil;o de Prote&ccedil;&atilde;o Social B&aacute;sica, com recursos do SIGTV.<br \/>\r\n&nbsp;"},{"titulo":"CONTRATA\u00c7\u00c3O DE EMPRESA - ASSESSORIA EDUCA\u00c7\u00c3O","dataAtualizacao":"2026-03-06 12:49:50","dataPostagem":"2026-03-10 10:00:00","dataRealizacao":"2026-03-06 12:48:00","numeroEdital":9,"numeroProcesso":306,"modalidade":"Dispensa","situacao":"Ratificada","descricao":"<a name=\"_Hlk223078370\">contrata&ccedil;&atilde;o de empresa especializada em assessoria e consultoria para &aacute;rea educacional para monitoramento dos programas federais, incluindo revis&atilde;o do estatuto e plano de carreira do magist&eacute;rio, elabora&ccedil;&atilde;o do plano municipal da primeira inf&acirc;ncia (PMPI), conforme as diretrizes do marco legal da primeira inf&acirc;ncia (LEI N&ordm; 13.257\/2016), conforme as disposi&ccedil;&otilde;es do Termo de Refer&ecirc;ncia.<\/a>\r\n<ol style=\"list-style-type:upper-alpha\">\r\n<\/ol>\r\n"},{"titulo":"CONTRATA\u00c7\u00c3O DE EMPRESA - ASSESSORIA SA\u00daDE","dataAtualizacao":"2026-03-06 12:47:06","dataPostagem":"2026-03-10 09:30:00","dataRealizacao":"2026-03-06 12:42:00","numeroEdital":8,"numeroProcesso":266,"modalidade":"Dispensa","situacao":"Ratificada","descricao":"Contrata&ccedil;&atilde;o de empresa especializada na presta&ccedil;&atilde;o de servi&ccedil;os de consultoria e assessoria em gest&atilde;o de sa&uacute;de p&uacute;blica."},{"titulo":"CONTRATA\u00c7\u00c3O DE EMPRESA - ESTRUTURA RODEIO","dataAtualizacao":"2026-03-16 14:23:17","dataPostagem":"2026-03-10 09:00:00","dataRealizacao":"2025-02-25 10:57:00","numeroEdital":1,"numeroProcesso":249,"modalidade":"Preg\u00e3o Eletr\u00f4nico","situacao":"Adjudicado","descricao":"A presente licita&ccedil;&atilde;o destina-se &nbsp;a contrata&ccedil;&atilde;o de empresa especializada em realiza&ccedil;&atilde;o de rodeio, que acontecer&aacute; de 09, 10 e 11 de abril de 2026, com fornecimento de estruturas, equipamentos e m&atilde;o de obra, conforme especifica&ccedil;&otilde;es t&eacute;cnicas continas no termo de refer&ecirc;ncia e seus anexos I, II e III, que integra este Edital.<br \/>\r\n&nbsp;<br \/>\r\n&nbsp;"},{"titulo":"CONTRATA\u00c7\u00c3O DE EMPRESA - REALIZA\u00c7\u00c3O DE CONCURSO\/PROCESSO SELETIVO","dataAtualizacao":"2026-03-06 12:44:42","dataPostagem":"2026-03-10 09:00:00","dataRealizacao":"2026-03-06 12:41:00","numeroEdital":7,"numeroProcesso":318,"modalidade":"Dispensa","situacao":"Ratificada","descricao":"Contrata&ccedil;&atilde;o de empresa para presta&ccedil;&atilde;o de servi&ccedil;os t&eacute;cnicos especializados de planejamento, organiza&ccedil;&atilde;o e execu&ccedil;&atilde;o de Concurso p&uacute;blico, Processo Seletivo, Cadastro de Reserva de provas objetivas e pr&aacute;ticas e de provas e t&iacute;tulos a ser promovido para a Prefeitura de BRA&Uacute;NA, destinado ao provimento de vagas para diversos cargos p&uacute;blicos que comp&otilde;e o seu quadro permanente e cadastro reserva."},{"titulo":"CONTRATA\u00c7A\u00d5 DE SHOW - LOUBET","dataAtualizacao":"2026-03-16 14:35:32","dataPostagem":"2026-03-02 10:00:00","dataRealizacao":"2026-02-26 14:21:00","numeroEdital":4,"numeroProcesso":273,"modalidade":"Inexigibilidade","situacao":"Ratificada","descricao":"<a name=\"_Hlk211347774\">contrata&ccedil;&atilde;o de Artista, o cantor <strong>&ldquo;LOUBET&rdquo;,<\/strong> para apresenta&ccedil;&atilde;o musical na 34&ordf; Festa do Pe&atilde;o de Bra&uacute;na, show que ser&aacute; realizado no dia 09 de abril de 2026, no Centro de Evento Municipal &ldquo;Chiquito Cortez&rdquo;, localizado na Avenida Bar&atilde;o do Rio Branco, no entroncamento da Rua Emanoel Ramos da Silva e Rua Fernando Cortez, nesta cidade. O contrato ter&aacute; vig&ecirc;ncia de 180 (cento e oitenta) dias, com valor total de R$ 120.000,00 (cento e vinte mil reais).<\/a><br \/>\r\n&nbsp;"},{"titulo":"CONTRATA\u00c7\u00c3O DE EMPRESA - SHOW BRUNA VIOLA","dataAtualizacao":"2026-03-16 14:42:16","dataPostagem":"2026-03-02 10:00:00","dataRealizacao":"2026-02-27 10:08:00","numeroEdital":5,"numeroProcesso":279,"modalidade":"Inexigibilidade","situacao":"Ratificada","descricao":"<a name=\"_Hlk211347774\">contrata&ccedil;&atilde;o de Artista da cantora, &ldquo;BRUNA VIOLA<strong>&rdquo;,<\/strong> para apresenta&ccedil;&atilde;o musical na 34&ordf; Festa do Pe&atilde;o de Bra&uacute;na, show que ser&aacute; realizado no dia 11 de abril de 2026, no Centro de Evento Municipal &ldquo;Chiquito Cortez&rdquo;, localizado na Avenida Bar&atilde;o do Rio Branco, no entroncamento da Rua Emanoel Ramos da Silva e Rua Fernando Cortez, nesta cidade.. O contrato ter&aacute; vig&ecirc;ncia de 180 (cento e oitenta) dias, com valor total de R$ 120.000,00 (cento e vinte mil reais).<\/a><br \/>\r\n&nbsp;"},{"titulo":"AQUISI\u00c7\u00c3O DE MOTOR PARA VE\u00cdCULO AMBUL\u00c2NCIA","dataAtualizacao":"2026-02-19 11:23:42","dataPostagem":"2026-02-24 09:00:00","dataRealizacao":"2026-02-19 11:22:00","numeroEdital":3,"numeroProcesso":209,"modalidade":"Inexigibilidade","situacao":"Ratificada","descricao":"<a name=\"_Hlk219379616\">Contrata&ccedil;&atilde;o de empresa para aquisi&ccedil;&atilde;o de um motor ZERO da pr&oacute;pria montadora do ve&iacute;culo, para ambul&acirc;ncia, conforme laudo expedido pela oficina Ata Centro Automotivo Ltda., inscrita no CNPJ sob o n.&ordm; 08.249.950\/0001-66, com endere&ccedil;o &aacute; Rua Luiz Pereira Barreto, n.&ordm; 800, Ara&ccedil;atuba\/SP, sendo respons&aacute;vel t&eacute;cnico Marcus Vinicius Grossi Vieira, com placa &nbsp;&nbsp;&nbsp;BFY-2I75, RENAULT\/MASTERF2 REV AMB, Chassi 93YF62006PJ230859, Renavan 01296737508, Ano de Fabrica&ccedil;&atilde;o: 2022, Ano Modelo: 2023, Cor Branca, em virtude da necessidade de manuten&ccedil;&atilde;o e plena operacionalidade do ve&iacute;culo destinado ao transporte de pacientes, atividade fim da Secretaria Municipal de Sa&uacute;de.<\/a><br \/>\r\n&nbsp;"},{"titulo":"CONTRATA\u00c7\u00c3O DE EMPRESA -ASSESSORIA CONT\u00c1BIL\/FINANCEIRA","dataAtualizacao":"2026-02-12 14:12:49","dataPostagem":"2026-02-19 09:00:00","dataRealizacao":"2026-02-12 14:10:00","numeroEdital":6,"numeroProcesso":208,"modalidade":"Dispensa","situacao":"Ratificada","descricao":"Contrata&ccedil;&atilde;o de empresa para presta&ccedil;&atilde;o de servi&ccedil;os t&eacute;cnicos especializados de Assessoria e Consultoria Cont&aacute;bil\/Financeira, nas &aacute;reas de Contabilidade P&uacute;blica, com observ&acirc;ncia &agrave;s Normas Brasileiras de Contabilidade Aplicadas ao Setor P&uacute;blico &ndash; NBCASP e ao Plano de Contas Aplicado ao Setor P&uacute;blico &ndash; PCASP, de conformidade com o estabelecido na Constitui&ccedil;&atilde;o Federal, Constitui&ccedil;&atilde;o do Estado de S&atilde;o Paulo, Lei Org&acirc;nica do Munic&iacute;pio, Lei n&ordm; 4.320\/64, na Lei Complementar n&ordm; 101\/2000 e de Presta&ccedil;&atilde;o de Contas ao TCESP, em conformidade com o calend&aacute;rio AUDESP, para o per&iacute;odo de 12 (doze) meses, conforme as disposi&ccedil;&otilde;es do Termo de Refer&ecirc;ncia.<br \/>\r\n&nbsp;"},{"titulo":"CONTRATA\u00c7\u00c3O DE EMPRESA - SHOW JO\u00c3O BOSCO E VIN\u00cdCIUS","dataAtualizacao":"2026-03-16 14:53:14","dataPostagem":"2026-02-06 09:00:00","dataRealizacao":"2026-02-04 10:06:00","numeroEdital":2,"numeroProcesso":154,"modalidade":"Inexigibilidade","situacao":"Ratificada","descricao":"<strong>Do Objeto &ndash; <\/strong>Contrata&ccedil;&atilde;o de Artista, dupla <strong>&ldquo;JO&Atilde;O BOSCO E VIN&Iacute;CIUS&rdquo;,<\/strong> para apresenta&ccedil;&atilde;o musical na 34&ordf; Festa do Pe&atilde;o de Bra&uacute;na, show que ser&aacute; realizado no dia 10 de abril de 2026, no Centro de Evento Municipal &ldquo;Chiquito Cortez&rdquo;, localizado na Avenida Bar&atilde;o do Rio Branco, no entroncamento da Rua Emanoel Ramos da Silva e Rua Fernando Cortez, nesta cidade.<br \/>\r\n<strong>2.1. <\/strong>&nbsp;<strong>Da Execu&ccedil;&atilde;o do Servi&ccedil;o:<\/strong>&nbsp; A apresenta&ccedil;&atilde;o dever&aacute; ter dura&ccedil;&atilde;o de 1h30m (uma hora e trinta minutos) no dia 10 de abril de 2026, com hor&aacute;rio de in&iacute;cio a ser definido pela Diretoria requisitante.<br \/>\r\n&nbsp;"},{"titulo":"TERMO DE RATEIO CIMPE","dataAtualizacao":"2026-01-30 14:35:42","dataPostagem":"2026-02-03 09:00:00","dataRealizacao":"2026-01-30 14:34:00","numeroEdital":5,"numeroProcesso":96,"modalidade":"Dispensa","situacao":"Ratificada","descricao":"Formaliza&ccedil;&atilde;o do Contrato de Rateio, entre o munic&iacute;pio de Bra&uacute;na, Estado de S&atilde;o Paulo e o CONS&Oacute;RCIO INTERMUNICIPAL DA MICRORREGI&Atilde;O DE PEN&Aacute;POLIS, tamb&eacute;m denominado como CIMPE.<br \/>\r\n&nbsp;\r\n<ol>\r\n\t<li><strong>&nbsp;Detalhamento do Objeto&nbsp; -&nbsp; <\/strong>Permitir o repasse financeiro mensal, por meio de contribui&ccedil;&atilde;o&nbsp; ao CIMPE, no decorrer de doze meses, para atendimento m&eacute;dico, laboratorial, enfermagem e todos os consect&aacute;rios necess&aacute;rios ao bom atendimento &agrave; sa&uacute;de da popula&ccedil;&atilde;o do Munic&iacute;pio de Bra&uacute;na<\/li>\r\n<\/ol>\r\n"},{"titulo":"CONTRATA\u00c7\u00c3O DE EMPRESA - MANUTEN\u00c7\u00c3O DE HARDWARE","dataAtualizacao":"2026-01-22 13:40:28","dataPostagem":"2026-01-23 10:00:00","dataRealizacao":"2026-01-22 13:38:00","numeroEdital":4,"numeroProcesso":77,"modalidade":"Dispensa","situacao":"Ratificada","descricao":"&nbsp; &nbsp; &nbsp; &nbsp; &nbsp;&nbsp;<br \/>\r\n&nbsp;<br \/>\r\n&nbsp;<a name=\"_Hlk151715752\">contrata&ccedil;&atilde;o de empresa especializada em presta&ccedil;&atilde;o de servi&ccedil;os de manuten&ccedil;&atilde;o preventiva e corretiva dos equipamentos de inform&aacute;tica, da rede de dados e internet do Mun&iacute;cipio de Bra&uacute;na, para os Departamentos Municipais, por um per&iacute;odo de 12 (doze) meses com&nbsp;<\/a><br \/>\r\n&nbsp;<br \/>\r\n<br \/>\r\n&nbsp;"},{"titulo":"CONTRATA\u00c7\u00c3O DE EMPRESA - SEGURAN\u00c7A E BOMBEIROS CIVIS","dataAtualizacao":"2026-01-16 10:38:31","dataPostagem":"2026-01-21 10:30:00","dataRealizacao":"2026-01-16 10:37:00","numeroEdital":2,"numeroProcesso":48,"modalidade":"Dispensa","situacao":"Ratificada","descricao":"<a name=\"_Hlk213418126\">Contrata&ccedil;&atilde;o de empresa especializada na presta&ccedil;&atilde;o de servi&ccedil;os de seguran&ccedil;a 59 (cinquenta e nove) profissionais e bombeiro civis 06 (seis) profissionais, para atuar durante o evento comemorativo do Anivers&aacute;rio do Munic&iacute;pio de Bra&uacute;na, a ser realizado no dia 24 e 25 de janeiro de 2026, no Centro de Evento Municipal &ldquo;Chiquito Cortez&rdquo;, no munic&iacute;pio de Bra&uacute;na\/SP, conforme condi&ccedil;&otilde;es, quantidades e exig&ecirc;ncias estabelecidas no Termo de Refer&ecirc;ncia.<\/a><br \/>\r\n&nbsp;<br \/>\r\n&nbsp;<br \/>\r\n<strong>2.1 - DA EXECU&Ccedil;&Atilde;O DOS SERVI&Ccedil;OS: <\/strong>Os servi&ccedil;os ser&atilde;o executados exclusivamente na data do evento, <strong>24 e 25 de janeiro de 2026<\/strong>, com hor&aacute;rio de in&iacute;cio a ser definido pela Diretoria requisitante;<br \/>\r\nA empresa contratada dever&aacute; disponibilizar profissionais qualificados para a execu&ccedil;&atilde;o dos seguintes servi&ccedil;os:\r\n<ol style=\"list-style-type:lower-alpha\">\r\n\t<li>Controle de acesso do p&uacute;blico ao local do evento;<br \/>\r\n\tOrienta&ccedil;&atilde;o e organiza&ccedil;&atilde;o do fluxo de pessoas;<br \/>\r\n\tAtua&ccedil;&atilde;o preventiva para evitar tumultos, brigas ou situa&ccedil;&otilde;es de risco;<br \/>\r\n\tApoio &agrave; organiza&ccedil;&atilde;o do evento e &agrave; equipe da Administra&ccedil;&atilde;o Municipal;<br \/>\r\n\tComunica&ccedil;&atilde;o imediata com os &oacute;rg&atilde;os competentes (Pol&iacute;cia Militar, SAMU, Defesa Civil), se necess&aacute;rio.<\/li>\r\n<\/ol>\r\n"},{"titulo":"CONTRATA\u00c7\u00c3O DE EMPRESA - som e ilumina\u00e7\u00e3o","dataAtualizacao":"2026-01-16 09:16:51","dataPostagem":"2026-01-21 09:30:00","dataRealizacao":"2026-01-16 09:15:00","numeroEdital":3,"numeroProcesso":45,"modalidade":"Dispensa","situacao":"Ratificada","descricao":"<a name=\"_Hlk187669671\"><strong>TERMO DE AUTORIZA&Ccedil;&Atilde;O A CONTRATA&Ccedil;&Atilde;O<\/strong><\/a><br \/>\r\n<strong>&nbsp;DISPENSA N&ordm; 003\/2026<\/strong><br \/>\r\n&nbsp;&nbsp;&nbsp;&nbsp;&nbsp;&nbsp;&nbsp;&nbsp;&nbsp;&nbsp;&nbsp;<br \/>\r\n&nbsp;<br \/>\r\n&nbsp;<br \/>\r\n&Agrave; vista dos elementos contidos no presente processo\/protocolo n&ordm;. 045\/2026 de 16 de janeiro de 2026, e de modo especial o Parecer Jur&iacute;dico&nbsp; datado de 16\/01\/2026, que acata a contrata&ccedil;&atilde;o da <strong>EMPRESA 59.614.344 ALAN JOS&Eacute; RODRIGUES -ME, CNPJ 59.614.344\/0001-33,&nbsp; <\/strong>por <strong>DISPENSA, <\/strong>nos termos do inciso II, artigo 75 da Lei Federal N&ordm; 14.133\/21 de 01 de abril de 2021, RATIFICO a citada <a name=\"_Hlk214012564\">contrata&ccedil;&atilde;o de estrutura de som, ilumina&ccedil;&atilde;o e estrutura de treli&ccedil;as para apresenta&ccedil;&atilde;o musical no ANIVERSARIO 73&deg; ANOS DE EMANCIPA&Ccedil;&Atilde;O POLITICA DO MUNICIPIO DE BRA&Uacute;NA, que ser&aacute; realizado no dia 24 de janeiro de 2026, no Centro de Evento Municipal &ldquo;Chiquito Cortez&rdquo;, conforme especifica&ccedil;&otilde;es m&iacute;nimas.<\/a> O contrato ter&aacute; prazo de vig&ecirc;ncia de 90 (noventa) dias, com o valor de R$ 16.500,00 (dezesseis mil e quinhentos reais).<br \/>\r\n&nbsp;<br \/>\r\nBra&uacute;na\/SP, 16 de janeiro de 2026.<br \/>\r\n&nbsp;<br \/>\r\n&nbsp;<br \/>\r\n&nbsp;<br \/>\r\n&nbsp;<br \/>\r\n<strong>MAICON APARECIDO SUBIRES RIBEIRO<\/strong><br \/>\r\n<strong>Prefeito Municipal<\/strong><br \/>\r\n&nbsp;"},{"titulo":"CONTRATA\u00c7\u00c3O DE EMPRESA - palco","dataAtualizacao":"2026-01-15 16:08:51","dataPostagem":"2026-01-16 10:00:00","dataRealizacao":"2026-01-15 16:06:00","numeroEdital":1,"numeroProcesso":44,"modalidade":"Dispensa","situacao":"Ratificada","descricao":"&nbsp;<br \/>\r\n<a name=\"_Hlk187669671\"><strong>TERMO DE AUTORIZA&Ccedil;&Atilde;O A CONTRATA&Ccedil;&Atilde;O<\/strong><\/a><br \/>\r\n<strong>&nbsp;DISPENSA N&ordm; 001\/2026<\/strong><br \/>\r\n&nbsp;&nbsp;&nbsp;&nbsp;&nbsp;&nbsp;&nbsp;&nbsp;&nbsp;&nbsp;&nbsp;<br \/>\r\n&nbsp;<br \/>\r\n&nbsp;<br \/>\r\n&Agrave; vista dos elementos contidos no presente processo\/protocolo n&ordm;. 044\/2026 de &nbsp;15 de janeiro de 2026, e de modo especial o Parecer Jur&iacute;dico&nbsp; datado de 15\/01\/2026, que acata a contrata&ccedil;&atilde;o da empresa <strong>54.766.598 VANDER APARECIDO ESTABILE -ME, CNPJ N&ordm;. 54.766.598\/0001-53,&nbsp; <\/strong>por <strong>DISPENSA, <\/strong>nos termos do inciso II, artigo 75 da Lei Federal N&ordm; 14.133\/21 de 01 de abril de 2021, RATIFICO a citada <a name=\"_Hlk214012564\">c<\/a>ontrata&ccedil;&atilde;o de servi&ccedil;os de loca&ccedil;&atilde;o\/montagem de estruturas incluindo treli&ccedil;as de alum&iacute;nio linha profissional Q30 (linha pesada - 220,00 metros no total),estrutura de palco 14 x 10 m (140M2) com 02 &aacute;reas de servi&ccedil;o de 04x02 metros (8M2), 02 camarins octanorme com piso de madeira, ar condicionado, cobertura 01 tenda 8x8, medida camarim 04x04 metros (16M2), guarda copos nas laterais e fundo do palco e escada de acesso ao fundo, p&eacute; direito ajust&aacute;vel de at&eacute; 08 metros partindo do ch&atilde;o e house mix de 3,50 x 2 metros (07,00 M2) com cobertura em lonas duas aguas, 60 gradil, para apresenta&ccedil;&atilde;o musical em comemora&ccedil;&atilde;o aos 73&deg; Anivers&aacute;rio da Cidade, que ser&aacute; realizado no dia 24 de janeiro de 2026 no Centro de Evento Municipal &ldquo;Chiquito Cortez&rdquo;, no munic&iacute;pio de Bra&uacute;na\/SP. O contrato ter&aacute; prazo de vig&ecirc;ncia de 60 (sessenta) dias, com o valor de R$ 17.000,00 (dezessete mil reais).<br \/>\r\n&nbsp;<br \/>\r\n&nbsp;<br \/>\r\nBra&uacute;na\/SP, 15 de janeiro de 2026.<br \/>\r\n&nbsp;<br \/>\r\n&nbsp;<br \/>\r\n<strong>MAICON APARECIDO SUBIRES RIBEIRO<\/strong><br \/>\r\n<strong>Prefeito Municipal<\/strong><br \/>\r\n&nbsp;"},{"titulo":"CONTRATA\u00c7\u00c3O DE EMPRESA - SHOW DI PAULO E PAULINO","dataAtualizacao":"2026-01-15 16:08:20","dataPostagem":"2026-01-16 09:00:00","dataRealizacao":"2026-01-15 15:41:00","numeroEdital":1,"numeroProcesso":43,"modalidade":"Inexigibilidade","situacao":"Ratificada","descricao":"<a name=\"_Hlk187669671\"><strong>EXTRATO DO TERMO DE AUTORIZA&Ccedil;&Atilde;O A CONTRATA&Ccedil;&Atilde;O - &nbsp;INEXIGIBILIDADE N&ordm; 001\/2026 -&nbsp; <\/strong><\/a>&Agrave; vista dos elementos contidos no presente processo\/protocolo n&ordm;. 043\/2026 de 15 de janeiro de 2026, e de modo especial o Parecer Jur&iacute;dico&nbsp; datado de 15\/01\/2026, que acata a contrata&ccedil;&atilde;o da empresa <a name=\"_Hlk211347754\"><strong>DE PAULA PRODU&Ccedil;&Otilde;ES E EDI&Ccedil;&Otilde;ES MUSICAIS LTDA - EPP, CNPJ N&ordm;. <\/strong><\/a><strong>07.506.295\/0001-11,&nbsp; <\/strong>por <strong>INEXIGIBILIDADE, <\/strong>nos termos do inciso II, artigo 74 da Lei Federal N&ordm; 14.133\/21 de 01 de abril de 2021, RATIFICO a citada contrata&ccedil;&atilde;o <a name=\"_Hlk211347774\">de atra&ccedil;&atilde;o art&iacute;stica, dupla sertaneja &ldquo;DI PAULLO E PAULINO&rdquo;, para apresenta&ccedil;&atilde;o musical na Festividade em comemora&ccedil;&atilde;o ao anivers&aacute;rio de 73 anos da cidade de Bra&uacute;na &ndash; SP, show que ser&aacute; realizado no dia 24 de janeiro de 2026, no Centro de Evento Municipal &ldquo;Chiquito Cortez&rdquo;. O contrato ter&aacute; vig&ecirc;ncia de 90 (noventa) dias, com valor total de R$ 245.000,00 (duzentos e quarenta e cinco mil reais).<\/a> Bra&uacute;na\/SP, 15 de janeiro de 2026. <strong>MAICON APARECIDO SUBIRES RIBEIRO. Prefeito Municipal<\/strong><br \/>\r\n&nbsp;"},{"titulo":"AQUISI\u00c7\u00c3O DE MEDICAMENTOS","dataAtualizacao":"2026-03-12 15:03:27","dataPostagem":"2025-12-15 09:00:00","dataRealizacao":"2025-12-02 09:07:00","numeroEdital":20,"numeroProcesso":1651,"modalidade":"Preg\u00e3o Eletr\u00f4nico","situacao":"Adjudicado","descricao":"<strong>PREG&Atilde;O ELETR&Ocirc;NICO N&ordm;. 020\/2025<\/strong><br \/>\r\n<strong>ATA DE REGISTRO DE PRE&Ccedil;OS N&ordm;. 009\/2025<\/strong><br \/>\r\n<strong>PROCESSO LICITAT&Oacute;RIO\/PROTOCOLO N&ordm;. 1651\/2025<\/strong><br \/>\r\n<strong>LICITA&Ccedil;&Atilde;O&nbsp; NOS TERMOS LEI FEDERAL N. &ordm; 14.133\/21.<\/strong><br \/>\r\n&nbsp;<br \/>\r\n<strong>OBJETO:<\/strong> Registro de Pre&ccedil;os para a aquisi&ccedil;&atilde;o de diversos medicamentos, com entrega de forma parcelada, pelo per&iacute;odo de 12 (doze) meses, conforme descrito no termo de refer&ecirc;ncia que integra este edital.<br \/>\r\n&nbsp;"},{"titulo":"AQUISI\u00c7\u00c3O DE UNIFORMES ESCOLARES - REGISTRO DE PRE\u00c7OS","dataAtualizacao":"2026-04-23 09:43:52","dataPostagem":"2025-12-05 09:00:00","dataRealizacao":"2025-11-19 13:37:00","numeroEdital":18,"numeroProcesso":1569,"modalidade":"Preg\u00e3o Eletr\u00f4nico","situacao":"Homologado","descricao":"<ol style=\"list-style-type:upper-alpha\">\r\n\t<li><strong>Aquisi&ccedil;&atilde;o de uniformes escolares, t&ecirc;nis, sand&aacute;lia tipo crocs, mochilas e estojos escolares<\/strong><strong>, <\/strong>por meio de<strong> <strong>Ata de Registro de Pre&ccedil;os<\/strong><\/strong>, visando atender &agrave;s necessidades dos alunos matriculados na Rede Municipal de Ensino de Bra&uacute;na, Ensino Infantil (CEI &ldquo;Prof&ordf; Ecyra Mucillo Garcia&rdquo; e EMEB &ldquo;Maria Goreti&rdquo;) e do Ensino Fundamental (EMEF &ldquo;Adolfo Hecht&rdquo;), conforme especifica&ccedil;&otilde;es, quantidades estimadas e condi&ccedil;&otilde;es estabelecidas no Termo de Refer&ecirc;ncia que integra este Edital .<\/li>\r\n<\/ol>\r\n&nbsp;<br \/>\r\n&nbsp;"}]}